{"id":705,"date":"2022-03-19T23:24:26","date_gmt":"2022-03-19T22:24:26","guid":{"rendered":"http:\/\/www.trampskemuzeum.sk\/?p=705"},"modified":"2025-11-16T21:47:49","modified_gmt":"2025-11-16T20:47:49","slug":"archiv-z-muzea-na-stribrny-dil","status":"publish","type":"post","link":"http:\/\/www.trampskemuzeum.sk\/index.php\/2022\/03\/19\/archiv-z-muzea-na-stribrny-dil\/","title":{"rendered":"ARCH\u00cdV &#8211; Z muzea na St\u0159\u00edbrn\u00fd d\u00edl"},"content":{"rendered":"<p><strong>V d\u0148och 8.-10.1.2010 sa minideleg\u00e1cia Trampsk\u00e9ho zdru\u017eenia SEVERKA v zostave Frico a D&#8217;Ady z\u00fa\u010dastnila sleziny o.s. Na\u0161e muzeum, ktor\u00e1 bola zameran\u00e1 na nadviazanie spolupr\u00e1ce v r\u00f4znych regi\u00f3noch \u010ciech, Moravy aj Slovenska. \u0160ir\u0161ia dojmologick\u00e1 report\u00e1\u017e je <a href=\"http:\/\/www.dady.nfo.sk\/akcie\/2010\/10_01_cr_stribrnydil\/10_01_cr_stribrnydil.htm\">na D&#8217;Adyho str\u00e1nkach<\/a>*, vr\u00e1tane fotiek.<\/strong><\/p>\n<p><img loading=\"lazy\" decoding=\"async\" class=\"alignnone size-full wp-image-706\" src=\"http:\/\/www.trampskemuzeum.sk\/wp-content\/uploads\/2022\/03\/logo_osnm.jpg\" alt=\"\" width=\"150\" height=\"80\" \/><\/p>\n<p><strong>Tu v skratke prin\u00e1\u0161ame zhodnotenie sleziny, ako to videl Frico&#8230;<\/strong><\/p>\n<p>Hlavn\u00fdm cie\u013eom cel\u00e9ho sna\u017eenia je vytvorenie zbierkov\u00e9ho fondu v N\u00e1rodnom m\u00fazeu v takom rozsahu a kvalite, aby v roku 2018 bola s\u00fa\u010das\u0165ou novootvorenej historickej budovy na V\u00e1clavskom n\u00e1mest\u00ed\u00ad aj trval\u00e1 expoz\u00ed\u00adcia venovan\u00e1 \u010deskoslovensk\u00e9mu trampingu. Kamar\u00e1ti ve\u013emi zd\u00f4raz\u0148ovali, \u017ee <u>\u010deskoslovensk\u00e9ho<\/u>, preto\u017ee tramping ch\u00e1pu ako nedelite\u013en\u00fd politick\u00fdmi hranicami. <em>(\u010co teda je aj m\u00f4j n\u00e1zor.)<\/em><\/p>\n<p>Okrem toho je \u010diastkov\u00fdm cie\u013eom zostavenie putovnej v\u00fdstavy, ktor\u00e1 by mala by\u0165 pripraven\u00e1 v roku 2012. Podot\u00fdkam, \u017ee realiz\u00e1cia v\u00fdstavy aj expoz\u00ed\u00adcie je v r\u00e9\u017eii N\u00e1rodn\u00e9ho m\u00fazea. N\u00e1pl\u0148ou \u010dinnosti zdru\u017eenia je tvorba zbierkov\u00e9ho fondu, lebo na to N\u00e1rodn\u00e9 m\u00fazeum nem\u00e1 kapacity. Preto je zdru\u017een\u00ed\u00adm organizovan\u00e1 sie\u0165 spolupracovn\u00ed\u00adkov-zberate\u013eov. Pre nich bola vydan\u00e1 pr\u00ed\u00adru\u010dka <a href=\"http:\/\/www.trampskemuzeum.sk\/wp-content\/uploads\/2022\/03\/kucharka_ts_20100108.pdf\" target=\"_blank\" rel=\"noopener\">&#8222;Kucha\u0159ka trampsk\u00e9ho sb\u011bratele&#8220;<\/a>**. Je to in\u0161pirat\u00ed\u00advna vec. Dostali sme aj my v tla\u010denej podobe a pon\u00fakame ju na stiahnutie (vi\u010f link v predch\u00e1dzaj\u00facej vete). Je to prv\u00fd draft tohto manu\u00e1lu, ktor\u00fd sa bude v niektor\u00fdch detailoch v bud\u00facnosti spres\u0148ova\u0165, alebo dop\u013a\u0148a\u0165.<\/p>\n<p>Zdru\u017eenie v\u0161ak zozbieran\u00e9 veci pred odovzdan\u00ed\u00adm do m\u00fazea aj dokumentuje. Na to m\u00e1 svoju zamestnanky\u0148u! Ako sme sa dozvedeli, na \u010dinnos\u0165 maj\u00fa teraz 2 000 000 K\u010d a \u010fal\u0161ie pl\u00e1nuj\u00fa z\u00ed\u00adska\u0165 z grantov. Prizn\u00e1vam, \u017ee po tejto inform\u00e1cii mi s\u00e1nka padla poriadne n\u00ed\u00adzko.<br \/>\nMy sme informovali o \u010dinnosti Severky a na\u0161ich z\u00e1merov oh\u013eadne m\u00fazea. Debata o vz\u00e1jomnej spolupr\u00e1ci bola trochu obmedzen\u00e1 t\u00fdm, \u017ee na ve\u013ea inform\u00e1ci\u00ed\u00ad, ktor\u00e9 sme sa dozvedeli, sme neboli pripraven\u00ed\u00ad reagova\u0165. Mnoh\u00e9 veci treba premyslie\u0165 a predebati\u0165.<br \/>\nJe jasn\u00e9, \u017ee tento projekt je ve\u013emi ambici\u00f3zny a je to \u0161anca, ktor\u00e1 sa nezopakuje.<\/p>\n<p>V priebehu debaty zazneli dva bonmoty, ktor\u00e9 stoja za vytesanie do mramoru:<\/p>\n<p><em>&#8211; <strong>Cesty mohou b\u00fdt r\u016fzn\u00e9, jenom v\u016fli m\u011bjme v\u0161ichni rovnou.<\/strong> (B\u00e9\u010fa \u0160edifka)<\/em><\/p>\n<p><em>&#8211; <strong>Nejsme ti anebo ti. V\u0161ichni jsme n\u00e1rodnosti trampsk\u00e9.<\/strong> (Kpt. Kid, volne cit.)<\/em><\/p>\n<p>o.s.Na\u0161e muzeum m\u00e1 zriaden\u00e9 vlastn\u00e9 internetov\u00e9 str\u00e1nky <a href=\"http:\/\/www.trampskemuzeum.cz\" target=\"_blank\" rel=\"noopener\">www.trampskemuzeum.cz<\/a>***, ktor\u00e9 sa v\u0161ak zatia\u013e len rozbiehaj\u00fa a tak postupne uverejn\u00ed\u00adme aj \u010fal\u0161ie ich materi\u00e1ly na webe Severky<\/p>\n<p>* pozn.: str\u00e1nka je zatia\u013e funk\u010dn\u00e1, len vnoren\u00e9 linky sa stratili<\/p>\n<p>** pozn.: link je aktualizovan\u00fd<\/p>\n<p>*** pozn.: str\u00e1nky s\u00fa dnes (marec 2022) dlhodobo neaktualizovan\u00e9<\/p>\n<p style=\"text-align: center;\"><img loading=\"lazy\" decoding=\"async\" class=\"alignnone size-full wp-image-707\" src=\"http:\/\/www.trampskemuzeum.sk\/wp-content\/uploads\/2022\/03\/nase_muzeum_zm.gif\" alt=\"\" width=\"283\" height=\"233\" \/><\/p>\n","protected":false},"excerpt":{"rendered":"<p>V d\u0148och 8.-10.1.2010 sa minideleg\u00e1cia Trampsk\u00e9ho zdru\u017eenia SEVERKA v zostave Frico a D&#8217;Ady z\u00fa\u010dastnila sleziny o.s. Na\u0161e muzeum, ktor\u00e1 bola zameran\u00e1 na nadviazanie spolupr\u00e1ce v r\u00f4znych regi\u00f3noch \u010ciech, Moravy aj Slovenska. \u0160ir\u0161ia dojmologick\u00e1 report\u00e1\u017e je na D&#8217;Adyho str\u00e1nkach*, vr\u00e1tane fotiek. Tu v skratke prin\u00e1\u0161ame zhodnotenie sleziny, ako to videl Frico&#8230;&#8230;<\/p>\n<p> <a class=\"continue-reading-link\" href=\"http:\/\/www.trampskemuzeum.sk\/index.php\/2022\/03\/19\/archiv-z-muzea-na-stribrny-dil\/\"><span>Pokra\u010dovanie \u010dl\u00e1nku<\/span><i class=\"crycon-right-dir\"><\/i><\/a> <\/p>\n","protected":false},"author":1,"featured_media":707,"comment_status":"closed","ping_status":"closed","sticky":false,"template":"","format":"standard","meta":{"footnotes":""},"categories":[17,21],"tags":[19,26],"class_list":["post-705","post","type-post","status-publish","format-standard","has-post-thumbnail","hentry","category-kto-sme-a-co-robime","category-z-archivu","tag-muzeum","tag-z-archivu"],"_links":{"self":[{"href":"http:\/\/www.trampskemuzeum.sk\/index.php\/wp-json\/wp\/v2\/posts\/705","targetHints":{"allow":["GET"]}}],"collection":[{"href":"http:\/\/www.trampskemuzeum.sk\/index.php\/wp-json\/wp\/v2\/posts"}],"about":[{"href":"http:\/\/www.trampskemuzeum.sk\/index.php\/wp-json\/wp\/v2\/types\/post"}],"author":[{"embeddable":true,"href":"http:\/\/www.trampskemuzeum.sk\/index.php\/wp-json\/wp\/v2\/users\/1"}],"replies":[{"embeddable":true,"href":"http:\/\/www.trampskemuzeum.sk\/index.php\/wp-json\/wp\/v2\/comments?post=705"}],"version-history":[{"count":4,"href":"http:\/\/www.trampskemuzeum.sk\/index.php\/wp-json\/wp\/v2\/posts\/705\/revisions"}],"predecessor-version":[{"id":713,"href":"http:\/\/www.trampskemuzeum.sk\/index.php\/wp-json\/wp\/v2\/posts\/705\/revisions\/713"}],"wp:featuredmedia":[{"embeddable":true,"href":"http:\/\/www.trampskemuzeum.sk\/index.php\/wp-json\/wp\/v2\/media\/707"}],"wp:attachment":[{"href":"http:\/\/www.trampskemuzeum.sk\/index.php\/wp-json\/wp\/v2\/media?parent=705"}],"wp:term":[{"taxonomy":"category","embeddable":true,"href":"http:\/\/www.trampskemuzeum.sk\/index.php\/wp-json\/wp\/v2\/categories?post=705"},{"taxonomy":"post_tag","embeddable":true,"href":"http:\/\/www.trampskemuzeum.sk\/index.php\/wp-json\/wp\/v2\/tags?post=705"}],"curies":[{"name":"wp","href":"https:\/\/api.w.org\/{rel}","templated":true}]}}