{"id":143,"date":"2020-08-26T23:10:26","date_gmt":"2020-08-26T21:10:26","guid":{"rendered":"http:\/\/www.trampskemuzeum.sk\/?p=143"},"modified":"2020-08-26T23:15:14","modified_gmt":"2020-08-26T21:15:14","slug":"obcasnik-severka","status":"publish","type":"post","link":"https:\/\/www.trampskemuzeum.sk\/index.php\/2020\/08\/26\/obcasnik-severka\/","title":{"rendered":"Ob\u010dasn\u00edk Severka"},"content":{"rendered":"<p><u>Prv\u00e9 \u010d\u00edsla \u010dasopisu Severka<\/u><\/p>\n<p>Dodnes si pam\u00e4t\u00e1m, ako sme koncom j\u00fana 1989 \u0161liapali s Dilly po krajnici dnes zlopovestnej cesty I\/18 z Vr\u00fatok do Stre\u010dna a so sebou niesli na trampsk\u00fa akciu \u017dilin\u010danov v\u00fdtla\u010dky prvej Severky. Bolo to \u010d\u00edslo 1\/89. Zd\u00f4raz\u0148ovalo sa tam, \u017ee \u010dasopis m\u00e1 kolova\u0165 iba medzi dobr\u00fdmi kamar\u00e1tmi (vtedy e\u0161te fungovala \u0160tB). Tla\u010dilo sa vtedy len p\u00e1r v\u00fdtla\u010dkov, ktor\u00e9 potom putovali po \u010ditate\u013esk\u00fdch link\u00e1ch v jednotliv\u00fdch mest\u00e1ch (Martin, \u017dilina, Poprad, Pova\u017esk\u00e1 Bystrica) podobne, ako v Z\u00e1hade hlavolamu TAM-TAM R\u00fdchlych \u0161\u00edpov. V takejto kon\u0161pir\u00e1cii vy\u0161lo aj \u010fal\u0161ie \u010d\u00edslo a potom u\u017e, na\u0161\u0165astie, pri\u0161la zamatov\u00e1 revol\u00facia. Inak by sme t\u00fdmto \u0161t\u00fdlom asi \u010faleko nedosk\u00e1kali&#8230;<\/p>\n<p><u>Redakcia a prispievatelia \u010dasopisu<\/u><\/p>\n<p>V redak\u010dnom kolekt\u00edve sa vystriedalo mnoho tv\u00e1r\u00ed. Niektor\u00ed odch\u00e1dzali, \u010fal\u0161\u00ed prich\u00e1dzali. Postupne sa medzi nami zjavili st\u00e1lice, \u010di mihli meteority trampsk\u00e9ho diania:<br \/>\nAmazonka, Bra\u0148o, Bulle, D&#8217;Ady, Dilly, \u010eate\u013e, Gelo, Hrana, Ja\u010dko, Janka Sova, Lienka, Majka Mikov\u00e1, Miri B\u00farliv\u00e1k, Modok, Kord\u00edtko, Kremienok, Rad\u00faz, Sancho, Slim\u00e1k, Starec, Svetlu\u0161ka, Texi, Tik Vlnka, Yetti, Walden&#8230;<br \/>\nTrampsk\u00e9 Slovensko je mal\u00e9, no my sme mali v\u017edy \u0161\u0165astie na dobr\u00fdch prispievate\u013eov. Za t\u00fdch vy\u0161e 30 rokov sa pod pr\u00edspevkami zjavilo mnoho desiatok mien, \u010di u\u017e to boli p\u00edsan\u00e9 texty, kresby, fotografie. Ich v\u00fdpo\u010det by zabral mnoho riadkov a i tak by sme na niekoho nechtiac zabudli. Nakoniec, prelistujte si t\u00fdch viac ako 100 \u010d\u00edsel a zhruba 3000 str\u00e1n, n\u00e1jdete ich tam.<\/p>\n<p><u>\u0160\u00e9fredaktori<\/u><\/p>\n<p>Prv\u00e9 obdobie, 1989 a\u017e 1994 (Modok a Texi)<br \/>\nMenili sa aj \u0161\u00e9fredaktori. K svojej pr\u00e1ci by sme t\u00fato funkciu mo\u017eno ani nepotrebovali, jej uv\u00e1dzanie v tir\u00e1\u017ei si v\u0161ak vy\u017eadoval z\u00e1kon. Ja som bol historicky prv\u00fdm \u201ezodpovedn\u00fdm redaktorom\u201c, ale od \u010d\u00edsla 1\/92 sme na t\u00fato funkciu nahovorili Texiho. Asi po roku som sa znovu ujal funkcie, vydr\u017eal som v nej a\u017e do roku 1994, kedy som sa jej na chalupe T.O.Anita nadobro vzdal. Kamar\u00e1ti boli zasko\u010den\u00ed, ale ja som u\u017e psychicky nevl\u00e1dal. P\u00e4\u0165 rokov v \u010dele Severky bolo pre m\u0148a a p\u00e1r najbli\u017e\u0161\u00edch spolupracovn\u00edkov ve\u013emi hektick\u00fdch.<\/p>\n<p>Druh\u00e9 obdobie, 1995 a\u017e 1998 (Bra\u0148o a ko\u0161ick\u00e1 \u201eklika\u201c)<br \/>\nOd roku 1995 sa \u0161\u00e9fredaktorskou pr\u00e1cou za\u010dali tr\u00e1pi\u0165 in\u00ed, hoci na ob\u00e1lkach prv\u00fdch 3 \u010d\u00edsel som e\u0161te nezasl\u00fa\u017eene figuroval \u010falej.<br \/>\nPotom prevzal kormidlo Bra\u0148o P\u00fachovsk\u00fd (s nejasn\u00fdm domicilom Bratislava-Pre\u0161ov-Nitra), aby ho nesk\u00f4r vystriedala ko\u0161ick\u00e1 \u201eklika\u201c (Kord\u00edtko, Gelo, Dilly), ktor\u00e1 si spomedzi seba \u0161\u00e9fredaktora rad\u0161ej ani nezvolila. Tento \u201estav n\u00fadze\u201c trval do roku 1998, kedy sme z inciat\u00edvy D&#8217;Adyho zvolali stretnutie do Blatnice vo Ve\u013ekej Fatre, aby sme sa pozhov\u00e1rali o \u010fal\u0161ej bud\u00facnosti \u010dasopisu.<\/p>\n<p>Tretie obdobie, 1998 a\u017e doteraz (D&#8217;Ady)<br \/>\nD\u00b4Ady a zakladaj\u00faci \u201eseverk\u00e1\u010di\u201c sa poznali u\u017e d\u00e1vno, najm\u00e4 z festivalu trampskej piesne Ozveny ciest na brehu Hrona za\u010diatkom dev\u00e4\u0165desiatych rokov. D&#8217;Ady dovtedy patril k akt\u00edvnym prispievate\u013eom Severky, no stretnutie v Blatnici sa mu stalo \u201eosudn\u00fdm\u201c: s nov\u00fdm rozbehom \u010dasopisu sme s\u00fahlasili pod podmienkou, \u017ee on sa stane jej \u0161\u00e9fredaktorom. A odvtedy m\u00e1 D&#8217;Ady na krku funkciu, Severka nov\u00fd dizajn a za sebou viac ako \u010fal\u0161ie viac ako dve desa\u0165ro\u010dia relat\u00edvne pokojnej existencie.<br \/>\nV rokoch 1998-2011 bola aj grafika &#8222;one-man&#8220; dielom \u0161\u00e9fredaktora. Na\u0161\u0165astie, od roku 2012 sa dizajnu op\u00e4\u0165 ujala Dilly a profesionalita ruka v ruke s citom prevl\u00e1dli nad suchou technikou.<\/p>\n<p>Mimochodom, grafika, technika&#8230; V arch\u00edve, kde s\u00fa na stiahnutie v\u0161etky star\u0161ie \u010d\u00edsla Severky, je mo\u017en\u00e9 sledova\u0165 prerod od ru\u010dnej a propisotovej tvorby k po\u010d\u00edta\u010dovej grafike, od \u0165a\u017ekop\u00e1dneho ofsetu k r\u00fdchlej digit\u00e1lnej tla\u010di. Ale ten papier, ten vo\u0148av\u00fd papier, ten je tu st\u00e1le&#8230;<\/p>\n<p>text: Modok (2014), update D&#8217;Ady (2020)<\/p>\n","protected":false},"excerpt":{"rendered":"<p>Prv\u00e9 \u010d\u00edsla \u010dasopisu Severka Dodnes si pam\u00e4t\u00e1m, ako sme koncom j\u00fana 1989 \u0161liapali s Dilly po krajnici dnes zlopovestnej cesty I\/18 z Vr\u00fatok do Stre\u010dna a so sebou niesli na trampsk\u00fa akciu \u017dilin\u010danov v\u00fdtla\u010dky prvej Severky. Bolo to \u010d\u00edslo 1\/89. Zd\u00f4raz\u0148ovalo sa tam, \u017ee \u010dasopis m\u00e1 kolova\u0165 iba medzi dobr\u00fdmi&#8230;<\/p>\n<p> <a class=\"continue-reading-link\" href=\"https:\/\/www.trampskemuzeum.sk\/index.php\/2020\/08\/26\/obcasnik-severka\/\"><span>Pokra\u010dovanie \u010dl\u00e1nku<\/span><i class=\"crycon-right-dir\"><\/i><\/a> <\/p>\n","protected":false},"author":1,"featured_media":0,"comment_status":"closed","ping_status":"closed","sticky":false,"template":"","format":"standard","meta":{"footnotes":""},"categories":[17],"tags":[18],"class_list":["post-143","post","type-post","status-publish","format-standard","hentry","category-kto-sme-a-co-robime","tag-casopis-severka"],"_links":{"self":[{"href":"https:\/\/www.trampskemuzeum.sk\/index.php\/wp-json\/wp\/v2\/posts\/143","targetHints":{"allow":["GET"]}}],"collection":[{"href":"https:\/\/www.trampskemuzeum.sk\/index.php\/wp-json\/wp\/v2\/posts"}],"about":[{"href":"https:\/\/www.trampskemuzeum.sk\/index.php\/wp-json\/wp\/v2\/types\/post"}],"author":[{"embeddable":true,"href":"https:\/\/www.trampskemuzeum.sk\/index.php\/wp-json\/wp\/v2\/users\/1"}],"replies":[{"embeddable":true,"href":"https:\/\/www.trampskemuzeum.sk\/index.php\/wp-json\/wp\/v2\/comments?post=143"}],"version-history":[{"count":3,"href":"https:\/\/www.trampskemuzeum.sk\/index.php\/wp-json\/wp\/v2\/posts\/143\/revisions"}],"predecessor-version":[{"id":147,"href":"https:\/\/www.trampskemuzeum.sk\/index.php\/wp-json\/wp\/v2\/posts\/143\/revisions\/147"}],"wp:attachment":[{"href":"https:\/\/www.trampskemuzeum.sk\/index.php\/wp-json\/wp\/v2\/media?parent=143"}],"wp:term":[{"taxonomy":"category","embeddable":true,"href":"https:\/\/www.trampskemuzeum.sk\/index.php\/wp-json\/wp\/v2\/categories?post=143"},{"taxonomy":"post_tag","embeddable":true,"href":"https:\/\/www.trampskemuzeum.sk\/index.php\/wp-json\/wp\/v2\/tags?post=143"}],"curies":[{"name":"wp","href":"https:\/\/api.w.org\/{rel}","templated":true}]}}