{"id":181,"date":"2020-09-02T23:11:21","date_gmt":"2020-09-02T21:11:21","guid":{"rendered":"http:\/\/www.trampskemuzeum.sk\/?p=181"},"modified":"2020-09-02T23:11:21","modified_gmt":"2020-09-02T21:11:21","slug":"derniera-vystavy-stoleti-trampingu","status":"publish","type":"post","link":"https:\/\/www.trampskemuzeum.sk\/index.php\/2020\/09\/02\/derniera-vystavy-stoleti-trampingu\/","title":{"rendered":"Derni\u00e9ra v\u00fdstavy \u201eSTOLET\u00cd TRAMPINGU\u201c"},"content":{"rendered":"<h6><strong>[vyber\u00e1me z Trampsk\u00e9ho magazinu]<\/strong><\/h6>\n<p><img loading=\"lazy\" decoding=\"async\" class=\"alignleft wp-image-182\" src=\"http:\/\/www.trampskemuzeum.sk\/wp-content\/uploads\/2020\/09\/logo_nasemuseum-300x237.jpg\" alt=\"\" width=\"240\" height=\"190\" srcset=\"https:\/\/www.trampskemuzeum.sk\/wp-content\/uploads\/2020\/09\/logo_nasemuseum-300x237.jpg 300w, https:\/\/www.trampskemuzeum.sk\/wp-content\/uploads\/2020\/09\/logo_nasemuseum-150x119.jpg 150w, https:\/\/www.trampskemuzeum.sk\/wp-content\/uploads\/2020\/09\/logo_nasemuseum.jpg 700w\" sizes=\"auto, (max-width: 240px) 100vw, 240px\" \/>Setk\u00e1n\u00ed tramp\u016f ve \u010dtvrtek 27. srpna 2020 u pavilonu Kinsk\u00fdch Museion v Praze, bylo rozlou\u010den\u00edm s \u00fasp\u011b\u0161nou v\u00fdstavou, kterou za dvacet \u0161est m\u011bs\u00edc\u016f jej\u00edho trv\u00e1n\u00ed nav\u0161t\u00edvilo 40 000 plat\u00edc\u00edch n\u00e1v\u0161t\u011bvn\u00edk\u016f. Jen d\u00edky stovk\u00e1m kamar\u00e1d\u016f a kamar\u00e1dek, kte\u0159\u00ed darovali p\u0159edm\u011bty, tiskoviny, osadn\u00ed kroniky, torny, bundy, domovenky se mohla uskute\u010dnit tato ji\u017e t\u0159et\u00ed v\u00fdstava s trampskou t\u00e9matikou v prostor\u00e1ch N\u00e1rodn\u00edho muzea. Kur\u00e1tor v\u00fdstavy P\u0159ebral vzal z\u00e1jemce na jednu z posledn\u00edch komentovan\u00fdch prohl\u00eddek.<\/p>\n<p>Ke stolet\u00e9mu v\u00fdro\u010d\u00ed trampingu se urodilo hned n\u011bkolik zaj\u00edmav\u00fdch v\u00fdstav. K nejv\u00fdrazn\u011bj\u0161\u00edm bude jist\u011b pat\u0159it spole\u010dn\u00e9 d\u00edlo mno\u017estv\u00ed \u010desk\u00fdch i slovensk\u00fdch tramp\u016f, jeho\u017e duchovn\u00edm otcem je kamar\u00e1d P\u0159ebral. V\u00fdstava byla slavnostn\u011b zah\u00e1jena 28. \u010dervna 2018 a slavnostn\u00edho zah\u00e1jen\u00ed se z\u00fa\u010dastnila p\u0159ibli\u017en\u011b stovka kamar\u00e1d\u016f, pov\u011bt\u0161inou t\u011bch, kte\u0159\u00ed se na v\u00fdstav\u011b n\u011bjak pod\u00edleli.<br \/>\nJ\u00e1dro v\u00fdstavy tvo\u0159\u00ed soubor p\u0159edm\u011bt\u016f, kter\u00e9 N\u00e1rodn\u00ed muzeum z\u00edskalo d\u00edky spolku Na\u0161e muzeum, ale tak\u00e9 z\u00e1plava jedine\u010dn\u00fdch artefakt\u016f od jednotlivc\u016f a dal\u0161\u00edch instituc\u00ed. Snahou je p\u0159ibl\u00ed\u017eit tramping jako fenom\u00e9n lidem, kte\u0159\u00ed jsou trampingem nedot\u010deni, a z\u00e1rove\u0148 tramp\u016fm &#8222;trampingu znal\u00fdm&#8220; jej p\u0159edstavit v jeho obrovsk\u00e9 \u0161\u00ed\u0159i, od zrodu, p\u0159es dobu v\u00e1le\u010dnou a komunismu, a\u017e po dne\u0161n\u00ed situaci.<\/p>\n<p>V \u010dl\u00e1nkoch na <a href=\"https:\/\/www.trampsky-magazin.cz\/blog\/trampske-muzeum\/\" target=\"_blank\" rel=\"noopener noreferrer\">Trampskom magazine<\/a>, odkia\u013e preber\u00e1me t\u00fato inform\u00e1ciu, n\u00e1jde\u0161 aj \u010fal\u0161ie fotografie a <a href=\"https:\/\/www.twitch.tv\/matejcekal\" target=\"_blank\" rel=\"noopener noreferrer\">z\u00e1znam z derni\u00e9rov\u00e9ho ve\u010dera<\/a>.<\/p>\n<p>-r-<\/p>\n<p><img loading=\"lazy\" decoding=\"async\" class=\"alignnone size-full wp-image-184\" src=\"http:\/\/www.trampskemuzeum.sk\/wp-content\/uploads\/2020\/09\/vystava_100leti-1.jpg\" alt=\"\" width=\"800\" height=\"628\" srcset=\"https:\/\/www.trampskemuzeum.sk\/wp-content\/uploads\/2020\/09\/vystava_100leti-1.jpg 800w, https:\/\/www.trampskemuzeum.sk\/wp-content\/uploads\/2020\/09\/vystava_100leti-1-300x236.jpg 300w, https:\/\/www.trampskemuzeum.sk\/wp-content\/uploads\/2020\/09\/vystava_100leti-1-768x603.jpg 768w, https:\/\/www.trampskemuzeum.sk\/wp-content\/uploads\/2020\/09\/vystava_100leti-1-150x118.jpg 150w\" sizes=\"auto, (max-width: 800px) 100vw, 800px\" \/><\/p>\n<p><em>Vo vitr\u00edne medzi \u010dasopismi sa dal vidie\u0165 aj v\u00fdtla\u010dok Severky z roku 1997.<\/em><\/p>\n","protected":false},"excerpt":{"rendered":"<p>[vyber\u00e1me z Trampsk\u00e9ho magazinu] Setk\u00e1n\u00ed tramp\u016f ve \u010dtvrtek 27. srpna 2020 u pavilonu Kinsk\u00fdch Museion v Praze, bylo rozlou\u010den\u00edm s \u00fasp\u011b\u0161nou v\u00fdstavou, kterou za dvacet \u0161est m\u011bs\u00edc\u016f jej\u00edho trv\u00e1n\u00ed nav\u0161t\u00edvilo 40 000 plat\u00edc\u00edch n\u00e1v\u0161t\u011bvn\u00edk\u016f. Jen d\u00edky stovk\u00e1m kamar\u00e1d\u016f a kamar\u00e1dek, kte\u0159\u00ed darovali p\u0159edm\u011bty, tiskoviny, osadn\u00ed kroniky, torny, bundy, domovenky se&#8230;<\/p>\n<p> <a class=\"continue-reading-link\" href=\"https:\/\/www.trampskemuzeum.sk\/index.php\/2020\/09\/02\/derniera-vystavy-stoleti-trampingu\/\"><span>Pokra\u010dovanie \u010dl\u00e1nku<\/span><i class=\"crycon-right-dir\"><\/i><\/a> <\/p>\n","protected":false},"author":1,"featured_media":0,"comment_status":"closed","ping_status":"closed","sticky":false,"template":"","format":"standard","meta":{"footnotes":""},"categories":[12],"tags":[13],"class_list":["post-181","post","type-post","status-publish","format-standard","hentry","category-co-pisu-ini","tag-co-pisu-ini"],"_links":{"self":[{"href":"https:\/\/www.trampskemuzeum.sk\/index.php\/wp-json\/wp\/v2\/posts\/181","targetHints":{"allow":["GET"]}}],"collection":[{"href":"https:\/\/www.trampskemuzeum.sk\/index.php\/wp-json\/wp\/v2\/posts"}],"about":[{"href":"https:\/\/www.trampskemuzeum.sk\/index.php\/wp-json\/wp\/v2\/types\/post"}],"author":[{"embeddable":true,"href":"https:\/\/www.trampskemuzeum.sk\/index.php\/wp-json\/wp\/v2\/users\/1"}],"replies":[{"embeddable":true,"href":"https:\/\/www.trampskemuzeum.sk\/index.php\/wp-json\/wp\/v2\/comments?post=181"}],"version-history":[{"count":1,"href":"https:\/\/www.trampskemuzeum.sk\/index.php\/wp-json\/wp\/v2\/posts\/181\/revisions"}],"predecessor-version":[{"id":185,"href":"https:\/\/www.trampskemuzeum.sk\/index.php\/wp-json\/wp\/v2\/posts\/181\/revisions\/185"}],"wp:attachment":[{"href":"https:\/\/www.trampskemuzeum.sk\/index.php\/wp-json\/wp\/v2\/media?parent=181"}],"wp:term":[{"taxonomy":"category","embeddable":true,"href":"https:\/\/www.trampskemuzeum.sk\/index.php\/wp-json\/wp\/v2\/categories?post=181"},{"taxonomy":"post_tag","embeddable":true,"href":"https:\/\/www.trampskemuzeum.sk\/index.php\/wp-json\/wp\/v2\/tags?post=181"}],"curies":[{"name":"wp","href":"https:\/\/api.w.org\/{rel}","templated":true}]}}